{"id":333,"date":"2024-04-17T12:06:07","date_gmt":"2024-04-17T10:06:07","guid":{"rendered":"http:\/\/cda-suedpfalz.de\/?p=333"},"modified":"2024-04-17T12:06:09","modified_gmt":"2024-04-17T10:06:09","slug":"fuer-gute-loehne-jetzt","status":"publish","type":"post","link":"http:\/\/cda-suedpfalz.de\/?p=333","title":{"rendered":"F\u00fcr gute L\u00f6hne, jetzt!"},"content":{"rendered":"\n<p>Auch in diesem Jahr gehen tausende Menschen f\u00fcr bessere Arbeitsbedingungen und faire L\u00f6hne am 1. Mai auf die Stra\u00dfe. Mit dabei ist die CDA S\u00fcdpfalz. Sie ruft am Tag der Arbeit zur Teilnahme an der Kundgebung des DGB ab 11:00 Uhr auf dem Stiftsplatz in Landau auf. Die CDA S\u00fcdpfalz wird mit einem Info-Stand vor Ort sein. Die CDA betont dabei die Bedeutung von Tarifvertr\u00e4gen in den Betrieben. Heute ist nur jede und jeder zweite Besch\u00e4ftigte in Deutschland durch einen Tarifvertrag gesch\u00fctzt. Die CDA will zur\u00fcck zu 80 Prozent Tarifbindung.\u201eWir setzen uns f\u00fcr ordentliche, fl\u00e4chendeckende Tarifvertr\u00e4ge ein. Davon profitieren alle Besch\u00e4ftigten. Neben guten L\u00f6hnen gibt es durch Tarifvertr\u00e4ge mehr Urlaub, weniger \u00dcberstunden und ganz wichtig: sichere Arbeitspl\u00e4tze. Aber auch die Bedingungen f\u00fcrs Homeoffice, f\u00fcr Betriebsrenten, Pflegezusatzversicherungen und Gesundheitsschutz \u2013 all das macht Tarifvertr\u00e4ge aus\u201c, sagt die CDA. \u201cIm Jahr 2023 hatten 49 Prozent der Arbeitnehmer keinen Tarifvertrag. F\u00fcr viele von ihnen gelten nur die gesetzlichen Mindeststandards. Das bedeutet oft: 20 Tage Urlaub, 40 Stunden-Woche, Mindestlohn. Unser Ziel ist es daher, dass m\u00f6glichst viele Menschen von Tarifvertr\u00e4gen profitieren. Sie sind Ausdruck von Verhandlungen auf Augenh\u00f6he und sichern so den betrieblichen Frieden. Davon profitieren Arbeitnehmer und Arbeitgeber\u201c, betont die CDA S\u00fcdpfalz. Die Christlich-Demokratische Arbeitnehmerschaft (CDA) ist der Sozialfl\u00fcgel der CDU. Ihre Mitglieder engagieren sich vor allem auf Feldern der Sozialpolitik wie Arbeitsmarkt, Rente, Pflege und Gesundheit. Weitere Infos stehen im Internet auf www.cda-bund.de.<\/p>\n","protected":false},"excerpt":{"rendered":"<p>Auch in diesem Jahr gehen tausende Menschen f\u00fcr bessere Arbeitsbedingungen und faire L\u00f6hne am 1. Mai auf die Stra\u00dfe. Mit dabei ist die CDA S\u00fcdpfalz. Sie ruft am Tag der Arbeit zur Teilnahme an der Kundgebung des DGB ab 11:00 Uhr auf dem Stiftsplatz in Landau auf. Die CDA S\u00fcdpfalz wird mit einem Info-Stand vor &hellip; <\/p>\n<p class=\"link-more\"><a href=\"http:\/\/cda-suedpfalz.de\/?p=333\" class=\"more-link\"><span class=\"screen-reader-text\">\u201eF\u00fcr gute L\u00f6hne, jetzt!\u201c<\/span> weiterlesen<\/a><\/p>\n","protected":false},"author":2,"featured_media":0,"comment_status":"closed","ping_status":"open","sticky":false,"template":"","format":"standard","meta":{"footnotes":""},"categories":[1],"tags":[],"jetpack_featured_media_url":"","_links":{"self":[{"href":"http:\/\/cda-suedpfalz.de\/index.php?rest_route=\/wp\/v2\/posts\/333"}],"collection":[{"href":"http:\/\/cda-suedpfalz.de\/index.php?rest_route=\/wp\/v2\/posts"}],"about":[{"href":"http:\/\/cda-suedpfalz.de\/index.php?rest_route=\/wp\/v2\/types\/post"}],"author":[{"embeddable":true,"href":"http:\/\/cda-suedpfalz.de\/index.php?rest_route=\/wp\/v2\/users\/2"}],"replies":[{"embeddable":true,"href":"http:\/\/cda-suedpfalz.de\/index.php?rest_route=%2Fwp%2Fv2%2Fcomments&post=333"}],"version-history":[{"count":1,"href":"http:\/\/cda-suedpfalz.de\/index.php?rest_route=\/wp\/v2\/posts\/333\/revisions"}],"predecessor-version":[{"id":336,"href":"http:\/\/cda-suedpfalz.de\/index.php?rest_route=\/wp\/v2\/posts\/333\/revisions\/336"}],"wp:attachment":[{"href":"http:\/\/cda-suedpfalz.de\/index.php?rest_route=%2Fwp%2Fv2%2Fmedia&parent=333"}],"wp:term":[{"taxonomy":"category","embeddable":true,"href":"http:\/\/cda-suedpfalz.de\/index.php?rest_route=%2Fwp%2Fv2%2Fcategories&post=333"},{"taxonomy":"post_tag","embeddable":true,"href":"http:\/\/cda-suedpfalz.de\/index.php?rest_route=%2Fwp%2Fv2%2Ftags&post=333"}],"curies":[{"name":"wp","href":"https:\/\/api.w.org\/{rel}","templated":true}]}}